{"id":891,"date":"2023-05-02T10:26:37","date_gmt":"2023-05-02T08:26:37","guid":{"rendered":"https:\/\/famous-solidarite.eu\/?p=891"},"modified":"2023-05-02T10:41:44","modified_gmt":"2023-05-02T08:41:44","slug":"cercetariromania","status":"publish","type":"post","link":"https:\/\/famous-solidarite.eu\/ro\/cercetariromania\/","title":{"rendered":"Cercet\u0103ri privind integrarea profesional\u0103 a persoanelor vulnerabile din Rom\u00e2nia"},"content":{"rendered":"<figure id=\"attachment_884\" aria-describedby=\"caption-attachment-884\" style=\"width: 490px\" class=\"wp-caption aligncenter\"><img fetchpriority=\"high\" decoding=\"async\" class=\"wp-image-884\" src=\"https:\/\/famous-solidarite.eu\/wp-content\/uploads\/2023\/05\/Poza2-300x227.jpg\" alt=\"Recherche en Roumanie\" width=\"490\" height=\"371\" srcset=\"https:\/\/famous-solidarite.eu\/wp-content\/uploads\/2023\/05\/Poza2-300x227.jpg 300w, https:\/\/famous-solidarite.eu\/wp-content\/uploads\/2023\/05\/Poza2.jpg 400w\" sizes=\"(max-width: 490px) 100vw, 490px\" \/><figcaption id=\"caption-attachment-884\" class=\"wp-caption-text\">Notre chercheur de l&#8217;universit\u00e9 de Paris accompagn\u00e9e de nos deux partenaires roumaines \u00e0 Satu Mare ( Roumanie )<\/figcaption><\/figure>\n<h2 style=\"font-weight: 400;\">\u00cen cadrul proiectului european FAMOUS &#8222;Formation des Acteurs en Mouvement pour la Solidarit\u00e9&#8221;, Stea particip\u0103, \u00een perioada octombrie 2022 &#8211; iunie 2023, la un proiect de cercetare pe tema &#8221; cercet\u0103ri \u0219i nara\u021biuni de experien\u021b\u0103 \u00een r\u00e2ndul actorilor de solidaritate&#8221;.<\/h2>\n<p>&nbsp;<\/p>\n<p>Goran Loiseaux, inginer de cercetare din cadrul Laboratorului de Psihologie \u0219i Ergonomie Aplicat\u0103, s-a deplasat \u00een Rom\u00e2nia \u00een martie 2023 pentru a o \u00eenso\u021bi pe Stea \u00een prelucrarea datelor legate de un sondaj privind c\u0103utarea unui loc de munc\u0103 \u0219i formarea profesional\u0103 a beneficiarilor asocia\u021biei. El a observat \u0219i a participat la activit\u0103\u021bile oferite de Stea \u0219i a descoperit dificult\u0103\u021bile cu care se confrunt\u0103 beneficiarii, \u00een special \u00een ceea ce prive\u0219te nivelul de educa\u021bie, mobilitatea \u0219i autocenzura. De asemenea, a observat diferen\u021be \u00een ceea ce prive\u0219te accesul la informa\u021bii \u00een compara\u021bie cu Fran\u021ba, precum \u0219i o devalorizare personal\u0103 \u0219i o pierdere a motiva\u021biei \u00een r\u00e2ndul persoanelor care \u00eent\u00e2mpin\u0103 dificult\u0103\u021bi \u00een g\u0103sirea unui loc de munc\u0103.<\/p>\n<p>Apoi a realizat o anchet\u0103\/cercetare cu popula\u021bia pe care a \u00eent\u00e2lnit-o \u00een cadrul unui interviu de 45 de minute. Acest interviu a abordat aspecte precum accesul la un loc de munc\u0103, formarea \u0219i dezvoltarea competen\u021belor. Acest timp de schimb i-a permis cercet\u0103torului s\u0103 colecteze informa\u021bii care vor fi analizate ulterior.<\/p>\n<p>Urm\u0103toarea etap\u0103 a proiectului este de a analiza datele pentru a concepe ateliere \u0219i activit\u0103\u021bi care s\u0103 \u00eembun\u0103t\u0103\u021beasc\u0103 competen\u021bele beneficiarilor \u0219i s\u0103 \u00eei ajute s\u0103 construiasc\u0103 instrumente de formare \u0219i de sprijin pentru o experien\u021b\u0103 de responsabilizare.<\/p>\n<p>&nbsp;<\/p>\n<p>Citi\u021bi mai multe pe site-ul STEA despre c\u0103l\u0103toria lui Goran \u00een Rom\u00e2nia : <a href=\"https:\/\/associationstea.blogspot.com\/2023\/03\/recherche-sur-linsertion.html?fbclid=IwAR2cPlXssc0DHVV4jDnAMiiCX1GbhnEQwDxrrZ6VY2ii1qagnHxcjyitBIM\" target=\"_blank\" rel=\"noopener\">https:\/\/associationstea.blogspot.com\/2023\/03\/recherche-sur-linsertion.html?fbclid=IwAR2cPlXssc0DHVV4jDnAMiiCX1GbhnEQwDxrrZ6VY2ii1qagnHxcjyitBIM<\/a><\/p>\n","protected":false},"excerpt":{"rendered":"<p>\u00cen cadrul proiectului european FAMOUS &#8222;Formation des Acteurs en Mouvement pour la Solidarit\u00e9&#8221;, Stea particip\u0103, \u00een perioada octombrie 2022 &#8211; iunie 2023, la un proiect de cercetare pe tema &#8221; cercet\u0103ri \u0219i nara\u021biuni de experien\u021b\u0103 \u00een r\u00e2ndul actorilor de solidaritate&#8221;. &nbsp; Goran Loiseaux, inginer de cercetare din cadrul Laboratorului de Psihologie \u0219i Ergonomie Aplicat\u0103, s-a [&hellip;]<\/p>\n","protected":false},"author":2,"featured_media":898,"comment_status":"closed","ping_status":"open","sticky":false,"template":"","format":"standard","meta":{"footnotes":""},"categories":[33],"tags":[],"class_list":["post-891","post","type-post","status-publish","format-standard","has-post-thumbnail","hentry","category-noutati"],"_links":{"self":[{"href":"https:\/\/famous-solidarite.eu\/ro\/wp-json\/wp\/v2\/posts\/891","targetHints":{"allow":["GET"]}}],"collection":[{"href":"https:\/\/famous-solidarite.eu\/ro\/wp-json\/wp\/v2\/posts"}],"about":[{"href":"https:\/\/famous-solidarite.eu\/ro\/wp-json\/wp\/v2\/types\/post"}],"author":[{"embeddable":true,"href":"https:\/\/famous-solidarite.eu\/ro\/wp-json\/wp\/v2\/users\/2"}],"replies":[{"embeddable":true,"href":"https:\/\/famous-solidarite.eu\/ro\/wp-json\/wp\/v2\/comments?post=891"}],"version-history":[{"count":5,"href":"https:\/\/famous-solidarite.eu\/ro\/wp-json\/wp\/v2\/posts\/891\/revisions"}],"predecessor-version":[{"id":906,"href":"https:\/\/famous-solidarite.eu\/ro\/wp-json\/wp\/v2\/posts\/891\/revisions\/906"}],"wp:featuredmedia":[{"embeddable":true,"href":"https:\/\/famous-solidarite.eu\/ro\/wp-json\/wp\/v2\/media\/898"}],"wp:attachment":[{"href":"https:\/\/famous-solidarite.eu\/ro\/wp-json\/wp\/v2\/media?parent=891"}],"wp:term":[{"taxonomy":"category","embeddable":true,"href":"https:\/\/famous-solidarite.eu\/ro\/wp-json\/wp\/v2\/categories?post=891"},{"taxonomy":"post_tag","embeddable":true,"href":"https:\/\/famous-solidarite.eu\/ro\/wp-json\/wp\/v2\/tags?post=891"}],"curies":[{"name":"wp","href":"https:\/\/api.w.org\/{rel}","templated":true}]}}